{"provider_url": "https://www.divinopolis.mg.leg.br", "title": "C\u00e2mara adere campanha Maio Amarelo", "html": "<p>A C\u00e2mara Municipal de Divin\u00f3polis, em parceria com a Prefeitura, por meio Secretaria Municipal de Tr\u00e2nsito, Transportes e Seguran\u00e7a P\u00fablica (SETTRANS), formalizaram uma a\u00e7\u00e3o de conscientiza\u00e7\u00e3o \u00e0 popula\u00e7\u00e3o, sobre a import\u00e2ncia das regras no tr\u00e2nsito. A campanha Maio Amarelo \u201cRespeito e Responsabilidade: Pratique no Tr\u00e2nsito\u201d j\u00e1 foi iniciada na Prefeitura na \u00faltima semana e agora est\u00e1 sendo marcada na C\u00e2mara. <br /><br />O Maio Amarelo acontece no m\u00eas de maio justamente em comemora\u00e7\u00e3o a 11 de maio de 2011, data que a ONU decretou a D\u00e9cada de A\u00e7\u00e3o para Seguran\u00e7a no Tr\u00e2nsito. Com isso, o m\u00eas de maio se tornou refer\u00eancia mundial para balan\u00e7o das a\u00e7\u00f5es que o mundo inteiro realiza. <br /><br />O Movimento Maio Amarelo tem como inten\u00e7\u00e3o chamar a aten\u00e7\u00e3o da sociedade para o alto \u00edndice de mortes e feridos no tr\u00e2nsito em todo o mundo. O objetivo do movimento \u00e9 uma a\u00e7\u00e3o coordenada entre o Poder P\u00fablico e a sociedade civil<br /><br />Um bal\u00e3o comemorativo foi colocado nesta segunda-feira(10), na entrada da C\u00e2mara Municipal e, posteriormente, ser\u00e1 levado para a Pra\u00e7a da Catedral, bem como na regi\u00e3o dos shoppings, pr\u00f3ximo ao Terminal Rodovi\u00e1rio, tamb\u00e9m na Pra\u00e7a do Porto Velho, assim como no Centro de Atendimento ao Cidad\u00e3o (CAC) que fica localizado na avenida Get\u00falio Vargas n\u00ba 121. A inten\u00e7\u00e3o \u00e9 chamar aten\u00e7\u00e3o da popula\u00e7\u00e3o para a campanha e despertar a consci\u00eancia no tr\u00e2nsito. <br /><br />De acordo com o Presidente da C\u00e2mara, vereador Eduardo Print J\u00fanior (PSDB), essa a\u00e7\u00e3o em conjunto \u00e9 muito importante para que a popula\u00e7\u00e3o entenda que os poderes caminham juntos em benef\u00edcio da cidade.<br /><br />\u201cFizemos essa a\u00e7\u00e3o em conjunto com a Prefeitura, pois sabemos da import\u00e2ncia de falar sobre o tema. O bal\u00e3o \u00e9 uma forma de chamar aten\u00e7\u00e3o de todos que passam por aqui e mostrar que estamos preocupados com o tema em quest\u00e3o. Fizemos lacinhos amarelos para os vereadores usarem essa semana nas reuni\u00f5es, assim como colocamos as luzes da C\u00e2mara em amarelo na entrada para marcar o movimento\u201d, destacou Print.<br /><br />Nesse primeiro dia, a Diretoria de Comunica\u00e7\u00e3o da C\u00e2mara abordou a popula\u00e7\u00e3o que passou em frente a Casa, para que conhecessem o movimento, registrassem fotos, para divulgar nas redes sociais. Assim, mais pessoas tomaram conhecimento da a\u00e7\u00e3o e souberam da import\u00e2ncia do movimento. <br /><br />Todas as fotos tiradas pelo fot\u00f3grafo Rafael Rocha est\u00e3o dispon\u00edveis no site Flickr da C\u00e2mara Municipal, e ser\u00e3o postadas no instagram da @camaramunicipal.</p>\r\n<p>\u00a0</p>\r\n<p><a class=\"external-link\" href=\"https://www.flickr.com/photos/camaradivinopolis/albums\" target=\"_self\" title=\"\">CONFIRA AS FOTOS NESTE LINK.</a></p>\r\n<p>\u00a0</p>\r\n<p>Diretoria de\u00a0Comunica\u00e7\u00e3o (Dircom)<br />Reprodu\u00e7\u00e3o do texto autorizada mediante cita\u00e7\u00e3o da C\u00e2mara Municipal de Divin\u00f3polis</p>", "author_name": "Marcela Knupp - Coordenadora de Comunica\u00e7\u00e3o", "version": "1.0", "author_url": "https://www.divinopolis.mg.leg.br/author/Marcela Knupp - Coordenadora de Comunica\u00e7\u00e3o", "provider_name": "C\u00e2mara Municipal", "type": "rich"}