{"provider_url": "https://www.divinopolis.mg.leg.br", "title": "Prefeitos e Vice-Prefeitos", "html": "<table class=\"listing\">\r\n<tbody>\r\n<tr>\r\n<td colspan=\"4\" style=\"padding-left: 5.4pt; \">\r\n<p align=\"center\" style=\"text-align: center; \"><strong><span>PREFEITOS E VICE-PREFEITOS</span></strong><span><br />Per\u00edodo de 1912 a 2028<br /></span></p>\r\n</td>\r\n</tr>\r\n<tr>\r\n<td style=\"padding-left: 5.4pt; \">40</td>\r\n<td style=\"padding-left: 5.4pt; text-align: center; \"><span>PREFEITO</span></td>\r\n<td style=\"padding-left: 5.4pt; \"><strong>Gleidson Azevedo</strong></td>\r\n<td style=\"padding-left: 5.4pt; text-align: center; \"><span>01/01/2025 a</span></td>\r\n</tr>\r\n<tr>\r\n<td style=\"padding-left: 5.4pt; \">\r\n<p align=\"center\" style=\"text-align: center; \">\u00a0</p>\r\n</td>\r\n<td style=\"padding-left: 5.4pt; \">\r\n<p style=\"text-align: center; \">\u00a0<span>VICE-PREFEITA</span></p>\r\n</td>\r\n<td style=\"padding-left: 5.4pt; \">\r\n<p>\u00a0Janete Aparecida</p>\r\n</td>\r\n<td style=\"padding-left: 5.4pt; \">\r\n<p align=\"center\" style=\"text-align: center; \"><span>31/12/2028</span>\u00a0</p>\r\n</td>\r\n</tr>\r\n<tr>\r\n<td rowspan=\"2\" style=\"padding-left: 5.4pt; \">\r\n<p align=\"center\" style=\"text-align: center; \"><span>39</span></p>\r\n</td>\r\n<td style=\"padding-left: 5.4pt; \">\r\n<p style=\"text-align: center; \"><span>PREFEITO</span></p>\r\n</td>\r\n<td style=\"padding-left: 5.4pt; \">\r\n<p><strong><span><strong><span>Gleidson Azevedo</span></strong></span></strong></p>\r\n</td>\r\n<td rowspan=\"2\" style=\"padding-left: 5.4pt; \">\r\n<p align=\"center\" style=\"text-align: center; \"><span>01/01/2021 a</span></p>\r\n<p align=\"center\" style=\"text-align: center; \"><span>31/12/2024</span></p>\r\n</td>\r\n</tr>\r\n<tr>\r\n<td style=\"padding-left: 5.4pt; \">\r\n<p align=\"center\" style=\"text-align: center; \"><span><span>VICE-PREFEITA</span></span></p>\r\n</td>\r\n<td style=\"padding-left: 5.4pt; \">\r\n<p>Janete Aparecida</p>\r\n</td>\r\n</tr>\r\n<tr>\r\n<td rowspan=\"2\" style=\"padding-left: 5.4pt; \">38</td>\r\n<td style=\"padding-left: 5.4pt; \">\r\n<p align=\"center\" style=\"text-align: center; \"><span>PREFEITO</span></p>\r\n</td>\r\n<td style=\"padding-left: 5.4pt; \">\r\n<p><strong><span><strong><span>Galileu Teixeira Machado</span></strong></span></strong></p>\r\n</td>\r\n<td rowspan=\"2\" style=\"padding-left: 5.4pt; \">\r\n<p align=\"center\" style=\"text-align: center; \"><span><span>01/01/2017 a 31/12/2020</span></span></p>\r\n</td>\r\n</tr>\r\n<tr>\r\n<td style=\"padding-left: 5.4pt; \">\r\n<p align=\"center\" style=\"text-align: center; \"><span>VICE-PREFEITO</span></p>\r\n</td>\r\n<td style=\"padding-left: 5.4pt; \">\r\n<p><span>Ant\u00f4nio Rinaldo Val\u00e9rio</span></p>\r\n</td>\r\n</tr>\r\n<tr>\r\n<td rowspan=\"2\" style=\"padding-left: 5.4pt; \">37</td>\r\n<td style=\"padding-left: 5.4pt; \">\r\n<p align=\"center\" style=\"text-align: center; \"><span>PREFEITO</span></p>\r\n</td>\r\n<td style=\"padding-left: 5.4pt; \">\r\n<p><strong><span><strong><span>Vladimir de Faria Azevedo</span></strong></span></strong></p>\r\n</td>\r\n<td rowspan=\"2\" style=\"padding-left: 5.4pt; \">\r\n<p align=\"center\" style=\"text-align: center; \"><span><span>01/01/2013 a 31/12/2016</span></span></p>\r\n</td>\r\n</tr>\r\n<tr>\r\n<td style=\"padding-left: 5.4pt; \">\r\n<p align=\"center\" style=\"text-align: center; \"><span>VICE-PREFEITO</span></p>\r\n</td>\r\n<td style=\"padding-left: 5.4pt; \">\r\n<p><span><span>Rodrigo Resende</span></span></p>\r\n</td>\r\n</tr>\r\n<tr>\r\n<td rowspan=\"2\" style=\"padding-left: 5.4pt; \">36</td>\r\n<td style=\"padding-left: 5.4pt; \">\r\n<p align=\"center\" style=\"text-align: center; \"><span>PREFEITO</span></p>\r\n</td>\r\n<td style=\"padding-left: 5.4pt; \">\r\n<p><strong><span><strong><span>Vladimir de Faria Azevedo</span></strong></span></strong></p>\r\n</td>\r\n<td rowspan=\"2\" style=\"padding-left: 5.4pt; \">\r\n<p align=\"center\" style=\"text-align: center; \"><span><span>01/01/2009 a 31/12/2012</span></span></p>\r\n</td>\r\n</tr>\r\n<tr>\r\n<td style=\"padding-left: 5.4pt; \">\r\n<p align=\"center\" style=\"text-align: center; \"><span>VICE-PREFEITO</span></p>\r\n</td>\r\n<td style=\"padding-left: 5.4pt; \">\r\n<p><span><span>Jos\u00e9 Francisco Martins</span></span></p>\r\n</td>\r\n</tr>\r\n<tr>\r\n<td rowspan=\"2\" style=\"padding-left: 5.4pt; \">\r\n<p align=\"center\" style=\"text-align: center; \">35</p>\r\n</td>\r\n<td style=\"padding-left: 5.4pt; \">\r\n<p align=\"center\" style=\"text-align: center; \"><span>PREFEITO</span></p>\r\n</td>\r\n<td style=\"padding-left: 5.4pt; \">\r\n<p><strong><span>Demetrius Arantes Pereira</span></strong></p>\r\n</td>\r\n<td rowspan=\"2\" style=\"padding-left: 5.4pt; \">\r\n<p align=\"center\" style=\"text-align: center; \"><span><span>01/01/2005 a 31/12/2008</span></span></p>\r\n</td>\r\n</tr>\r\n<tr>\r\n<td style=\"padding-left: 5.4pt; \">\r\n<p align=\"center\" style=\"text-align: center; \"><span>VICE-PREFEITO</span></p>\r\n</td>\r\n<td style=\"padding-left: 5.4pt; \">\r\n<p><span>Ant\u00f4nio Rinaldo Val\u00e9rio</span></p>\r\n</td>\r\n</tr>\r\n<tr>\r\n<td rowspan=\"2\" style=\"padding-left: 5.4pt; \">\r\n<p align=\"center\" style=\"text-align: center; \"><span>34</span></p>\r\n</td>\r\n<td style=\"padding-left: 5.4pt; \">\r\n<p align=\"center\" style=\"text-align: center; \"><span>PREFEITO</span></p>\r\n</td>\r\n<td style=\"padding-left: 5.4pt; \">\r\n<p><strong><span>Galileu Teixeira Machado</span></strong></p>\r\n</td>\r\n<td rowspan=\"2\" style=\"padding-left: 5.4pt; \">\r\n<p align=\"center\" style=\"text-align: center; \"><span><span>01/01/2001 a 31/12/2004</span></span></p>\r\n</td>\r\n</tr>\r\n<tr>\r\n<td style=\"padding-left: 5.4pt; \">\r\n<p align=\"center\" style=\"text-align: center; \"><span>VICE-PREFEITA</span></p>\r\n</td>\r\n<td style=\"padding-left: 5.4pt; \">\r\n<p><span><span>Maria de Loudes Martins</span></span></p>\r\n</td>\r\n</tr>\r\n<tr>\r\n<td rowspan=\"2\" style=\"padding-left: 5.4pt; \">\r\n<p align=\"center\" style=\"text-align: center; \"><span>33<br /></span></p>\r\n</td>\r\n<td style=\"padding-left: 5.4pt; \">\r\n<p align=\"center\" style=\"text-align: center; \"><span>PREFEITO</span></p>\r\n</td>\r\n<td style=\"padding-left: 5.4pt; \">\r\n<p><strong><span>Domingos S\u00e1vio</span></strong></p>\r\n</td>\r\n<td rowspan=\"2\" style=\"padding-left: 5.4pt; \">\r\n<p align=\"center\" style=\"text-align: center; \"><span><span>01/01/1997 a 31/12/2000</span></span></p>\r\n</td>\r\n</tr>\r\n<tr>\r\n<td style=\"padding-left: 5.4pt; \">\r\n<p align=\"center\" style=\"text-align: center; \"><span>VICE-PREFEITO</span></p>\r\n</td>\r\n<td style=\"padding-left: 5.4pt; \">\r\n<p><span>Francisco Gon\u00e7alves Filho</span></p>\r\n</td>\r\n</tr>\r\n<tr>\r\n<td rowspan=\"2\" style=\"padding-left: 5.4pt; \">\r\n<p align=\"center\" style=\"text-align: center; \"><span>32<br /></span></p>\r\n</td>\r\n<td style=\"padding-left: 5.4pt; \">\r\n<p align=\"center\" style=\"text-align: center; \"><span>PREFEITO</span></p>\r\n</td>\r\n<td style=\"padding-left: 5.4pt; \">\r\n<p><strong><span><strong><span>Aristides Salgado dos Santos</span></strong></span></strong></p>\r\n</td>\r\n<td rowspan=\"2\" style=\"padding-left: 5.4pt; \">\r\n<p align=\"center\" style=\"text-align: center; \"><span><span>01/01/1993 a 31/12/1996</span></span></p>\r\n</td>\r\n</tr>\r\n<tr>\r\n<td style=\"padding-left: 5.4pt; \">\r\n<p align=\"center\" style=\"text-align: center; \"><span><span>VICE-PREFEITO</span></span></p>\r\n</td>\r\n<td style=\"padding-left: 5.4pt; \">\r\n<p><span><span>Jos\u00e9 Lindolfo Fagundes</span></span></p>\r\n</td>\r\n</tr>\r\n<tr>\r\n<td rowspan=\"2\" style=\"padding-left: 5.4pt; \">\r\n<p align=\"center\" style=\"text-align: center; \"><span>31<br /></span></p>\r\n</td>\r\n<td style=\"padding-left: 5.4pt; \">\r\n<p align=\"center\" style=\"text-align: center; \"><span>PREFEITO</span></p>\r\n</td>\r\n<td style=\"padding-left: 5.4pt; \">\r\n<p><strong><span><strong><span>Galileu Teixeira Machado</span></strong></span></strong></p>\r\n</td>\r\n<td rowspan=\"2\" style=\"padding-left: 5.4pt; \">\r\n<p align=\"center\" style=\"text-align: center; \"><span><span>01/01/1989 a 31/12/1992</span></span></p>\r\n</td>\r\n</tr>\r\n<tr>\r\n<td style=\"padding-left: 5.4pt; \">\r\n<p align=\"center\" style=\"text-align: center; \"><span>VICE-PREFEITO</span></p>\r\n</td>\r\n<td style=\"padding-left: 5.4pt; \">\r\n<p><span><span>M\u00e1rcio S\u00edlvio Torres de Miranda</span></span></p>\r\n</td>\r\n</tr>\r\n<tr>\r\n<td rowspan=\"2\" style=\"padding-left: 5.4pt; \">\r\n<p align=\"center\" style=\"text-align: center; \"><span>30<br /></span></p>\r\n</td>\r\n<td style=\"padding-left: 5.4pt; \">\r\n<p align=\"center\" style=\"text-align: center; \"><span>PREFEITO</span></p>\r\n</td>\r\n<td style=\"padding-left: 5.4pt; \">\r\n<p><strong><span><strong><span>Aristides Salgado dos Santos</span></strong></span></strong></p>\r\n</td>\r\n<td rowspan=\"2\" style=\"padding-left: 5.4pt; \">\r\n<p align=\"center\" style=\"text-align: center; \"><span><span>31/01/1983 a 01/01/1989</span></span></p>\r\n</td>\r\n</tr>\r\n<tr>\r\n<td style=\"padding-left: 5.4pt; \">\r\n<p align=\"center\" style=\"text-align: center; \"><span><span>VICE-PREFEITO</span></span></p>\r\n</td>\r\n<td style=\"padding-left: 5.4pt; \">\r\n<p><span><span>Hil\u00e1rio de Oliveira Azevedo</span></span></p>\r\n</td>\r\n</tr>\r\n<tr>\r\n<td rowspan=\"2\" style=\"padding-left: 5.4pt; \">\r\n<p align=\"center\" style=\"text-align: center; \"><span>29<br /></span></p>\r\n</td>\r\n<td style=\"padding-left: 5.4pt; \">\r\n<p align=\"center\" style=\"text-align: center; \"><span>PREFEITO</span></p>\r\n</td>\r\n<td style=\"padding-left: 5.4pt; \">\r\n<p><strong><span><strong><span>Galileu Teixeira Machado</span></strong></span></strong></p>\r\n</td>\r\n<td rowspan=\"2\" style=\"padding-left: 5.4pt; \">\r\n<p align=\"center\" style=\"text-align: center; \"><span><span>14/04/1982 a 31/01/1983</span></span></p>\r\n</td>\r\n</tr>\r\n<tr>\r\n<td style=\"padding-left: 5.4pt; \">\r\n<p align=\"center\" style=\"text-align: center; \"><span>Obs:</span></p>\r\n</td>\r\n<td style=\"padding-left: 5.4pt; \">\r\n<p><span><span>Galileu era vice, por\u00e9m com a morte de F\u00e1bio, se tornou prefeito.</span></span></p>\r\n</td>\r\n</tr>\r\n<tr>\r\n<td rowspan=\"2\" style=\"padding-left: 5.4pt; \">\r\n<p align=\"center\" style=\"text-align: center; \"><span>28</span></p>\r\n</td>\r\n<td style=\"padding-left: 5.4pt; \">\r\n<p align=\"center\" style=\"text-align: center; \"><span>PREFEITO</span></p>\r\n</td>\r\n<td style=\"padding-left: 5.4pt; \">\r\n<p><strong><span><strong><span>F\u00e1bio Botelho Notini</span></strong></span></strong></p>\r\n</td>\r\n<td rowspan=\"2\" style=\"padding-left: 5.4pt; \">\r\n<p align=\"center\" style=\"text-align: center; \"><span><span>31/01/1977 a 13/04/1982</span></span></p>\r\n</td>\r\n</tr>\r\n<tr>\r\n<td style=\"padding-left: 5.4pt; \">\r\n<p align=\"center\" style=\"text-align: center; \"><span><span>VICE-PREFEITO</span></span></p>\r\n</td>\r\n<td style=\"padding-left: 5.4pt; \">\r\n<p><span><span>Galileu Teixeira Machado</span></span></p>\r\n</td>\r\n</tr>\r\n<tr>\r\n<td rowspan=\"2\" style=\"padding-left: 5.4pt; \">\r\n<p align=\"center\" style=\"text-align: center; \"><span>27</span></p>\r\n</td>\r\n<td style=\"padding-left: 5.4pt; \">\r\n<p align=\"center\" style=\"text-align: center; \"><span>PREFEITO</span></p>\r\n</td>\r\n<td style=\"padding-left: 5.4pt; \">\r\n<p><strong><span><strong><span>Ant\u00f4nio Martins Guimar\u00e3es</span></strong></span></strong></p>\r\n</td>\r\n<td rowspan=\"2\" style=\"padding-left: 5.4pt; \">\r\n<p align=\"center\" style=\"text-align: center; \"><span><span>31/01/1973 a 31/01/1977</span></span></p>\r\n</td>\r\n</tr>\r\n<tr>\r\n<td style=\"padding-left: 5.4pt; \">\r\n<p align=\"center\" style=\"text-align: center; \"><span>VICE-PREFEITO</span></p>\r\n</td>\r\n<td style=\"padding-left: 5.4pt; \">\r\n<p><span><span>Jaime Martins do Esp\u00edrito Santo</span></span></p>\r\n</td>\r\n</tr>\r\n<tr>\r\n<td rowspan=\"2\" style=\"padding-left: 5.4pt; \">\r\n<p align=\"center\" style=\"text-align: center; \"><span>26</span></p>\r\n</td>\r\n<td style=\"padding-left: 5.4pt; \">\r\n<p align=\"center\" style=\"text-align: center; \"><span>PREFEITO</span></p>\r\n</td>\r\n<td style=\"padding-left: 5.4pt; \">\r\n<p><strong><span><strong><span>Sebasti\u00e3o Gomes Guimar\u00e3es</span></strong></span></strong></p>\r\n</td>\r\n<td rowspan=\"2\" style=\"padding-left: 5.4pt; \">\r\n<p align=\"center\" style=\"text-align: center; \"><span><span>31/01/1971 a 31/01/1973</span></span></p>\r\n</td>\r\n</tr>\r\n<tr>\r\n<td style=\"padding-left: 5.4pt; \">\r\n<p align=\"center\" style=\"text-align: center; \"><span><span>VICE-PREFEITO</span></span></p>\r\n</td>\r\n<td style=\"padding-left: 5.4pt; \">\r\n<p><span><span>Rafael Fernandes dos Santos</span></span></p>\r\n</td>\r\n</tr>\r\n<tr>\r\n<td rowspan=\"2\" style=\"padding-left: 5.4pt; \">\r\n<p align=\"center\" style=\"text-align: center; \"><span>25<br /></span></p>\r\n</td>\r\n<td style=\"padding-left: 5.4pt; \">\r\n<p align=\"center\" style=\"text-align: center; \"><span>PREFEITO</span></p>\r\n</td>\r\n<td style=\"padding-left: 5.4pt; \">\r\n<p><strong><span><strong><span>Walchir Jesus de Resende Costa</span></strong></span></strong></p>\r\n</td>\r\n<td rowspan=\"2\" style=\"padding-left: 5.4pt; \">\r\n<p align=\"center\" style=\"text-align: center; \"><span><span>30/01/1967 a 31/01/1971</span></span></p>\r\n</td>\r\n</tr>\r\n<tr>\r\n<td style=\"padding-left: 5.4pt; \">\r\n<p align=\"center\" style=\"text-align: center; \"><span><span><span><span><span><span>VICE-PREFEITO</span></span></span></span></span></span></p>\r\n</td>\r\n<td style=\"padding-left: 5.4pt; \">\r\n<p><span><span>Sebasti\u00e3o Gomes Guimar\u00e3es</span></span></p>\r\n</td>\r\n</tr>\r\n<tr>\r\n<td rowspan=\"2\" style=\"padding-left: 5.4pt; \">\r\n<p align=\"center\" style=\"text-align: center; \"><span>24<br /></span></p>\r\n</td>\r\n<td style=\"padding-left: 5.4pt; \">\r\n<p align=\"center\" style=\"text-align: center; \"><span>PREFEITO</span></p>\r\n</td>\r\n<td style=\"padding-left: 5.4pt; \">\r\n<p><strong><span><strong><span>Orides Batista Leite</span></strong></span></strong></p>\r\n</td>\r\n<td rowspan=\"2\" style=\"padding-left: 5.4pt; \">\r\n<p align=\"center\" style=\"text-align: center; \"><span><span>16/05/1966 a 29/01/1967</span></span></p>\r\n</td>\r\n</tr>\r\n<tr>\r\n<td style=\"padding-left: 5.4pt; \">\r\n<p align=\"center\" style=\"text-align: center; \"><span>Obs:</span></p>\r\n</td>\r\n<td style=\"padding-left: 5.4pt; \">\r\n<p><span><span>Orides assumiu a prefeitura, porque era vice de F\u00e1bio, que se candidatou a deputado.</span></span></p>\r\n</td>\r\n</tr>\r\n<tr>\r\n<td rowspan=\"2\" style=\"padding-left: 5.4pt; \">\r\n<p align=\"center\" style=\"text-align: center; \"><span>23</span></p>\r\n</td>\r\n<td style=\"padding-left: 5.4pt; \">\r\n<p align=\"center\" style=\"text-align: center; \"><span>PREFEITO</span></p>\r\n</td>\r\n<td style=\"padding-left: 5.4pt; \">\r\n<p><strong><span><strong><span>F\u00e1bio Botelho Notini</span></strong></span></strong></p>\r\n</td>\r\n<td rowspan=\"2\" style=\"padding-left: 5.4pt; \">\r\n<p align=\"center\" style=\"text-align: center; \"><span><span>01/01/1963 a 15/05/1966</span></span></p>\r\n</td>\r\n</tr>\r\n<tr>\r\n<td style=\"padding-left: 5.4pt; \">\r\n<p align=\"center\" style=\"text-align: center; \"><span>VICE-PREFEITO</span></p>\r\n</td>\r\n<td style=\"padding-left: 5.4pt; \">\r\n<p><span><span>Oribes Batista</span></span></p>\r\n</td>\r\n</tr>\r\n<tr>\r\n<td rowspan=\"2\" style=\"padding-left: 5.4pt; \">\r\n<p align=\"center\" style=\"text-align: center; \"><span>22</span></p>\r\n</td>\r\n<td style=\"padding-left: 5.4pt; \">\r\n<p align=\"center\" style=\"text-align: center; \"><span>PREFEITO</span></p>\r\n</td>\r\n<td style=\"padding-left: 5.4pt; \">\r\n<p><strong><span><strong><span>Sebasti\u00e3o Gomes Guimar\u00e3es</span></strong></span></strong></p>\r\n</td>\r\n<td rowspan=\"2\" style=\"padding-left: 5.4pt; \">\r\n<p align=\"center\" style=\"text-align: center; \"><span><span>01/01/1959 a 31/12/1962</span></span></p>\r\n</td>\r\n</tr>\r\n<tr>\r\n<td style=\"padding-left: 5.4pt; \">\r\n<p align=\"center\" style=\"text-align: center; \"><span>VICE-PREFEITO</span></p>\r\n</td>\r\n<td style=\"padding-left: 5.4pt; \">\r\n<p><span><span>Jos\u00e9 Jaime Soares</span></span></p>\r\n</td>\r\n</tr>\r\n<tr>\r\n<td rowspan=\"2\" style=\"padding-left: 5.4pt; \">\r\n<p align=\"center\" style=\"text-align: center; \"><span>21</span></p>\r\n</td>\r\n<td style=\"padding-left: 5.4pt; \">\r\n<p align=\"center\" style=\"text-align: center; \"><span>PREFEITO</span></p>\r\n</td>\r\n<td style=\"padding-left: 5.4pt; \">\r\n<p><strong><span><strong><span>Luiz Fernandes de Souza</span></strong></span></strong></p>\r\n</td>\r\n<td rowspan=\"2\" style=\"padding-left: 5.4pt; \">\r\n<p align=\"center\" style=\"text-align: center; \"><span><span>31/01/1955 a 31/01/1959</span></span></p>\r\n</td>\r\n</tr>\r\n<tr>\r\n<td style=\"padding-left: 5.4pt; \">\r\n<p align=\"center\" style=\"text-align: center; \"><span><span>VICE-PREFEITO</span></span></p>\r\n</td>\r\n<td style=\"padding-left: 5.4pt; \">\r\n<p><span><span>Francisco Franco Filho</span></span></p>\r\n</td>\r\n</tr>\r\n<tr>\r\n<td rowspan=\"2\" style=\"padding-left: 5.4pt; \">\r\n<p align=\"center\" style=\"text-align: center; \"><span>20</span></p>\r\n</td>\r\n<td style=\"padding-left: 5.4pt; \">\r\n<p align=\"center\" style=\"text-align: center; \"><span>PREFEITO</span></p>\r\n</td>\r\n<td style=\"padding-left: 5.4pt; \">\r\n<p><strong><span><strong><span>Sebasti\u00e3o Gomes Guimar\u00e3es</span></strong></span></strong></p>\r\n</td>\r\n<td rowspan=\"2\" style=\"padding-left: 5.4pt; \">\r\n<p align=\"center\" style=\"text-align: center; \"><span><span>31/01/1951 a 31/01/1955</span></span></p>\r\n</td>\r\n</tr>\r\n<tr>\r\n<td style=\"padding-left: 5.4pt; \">\r\n<p align=\"center\" style=\"text-align: center; \"><span>VICE-PREFEITO</span></p>\r\n</td>\r\n<td style=\"padding-left: 5.4pt; \">\r\n<p><span><span>Jovelino da Costa Rabelo</span></span></p>\r\n</td>\r\n</tr>\r\n<tr>\r\n<td rowspan=\"2\" style=\"padding-left: 5.4pt; \">\r\n<p align=\"center\" style=\"text-align: center; \"><span>19</span></p>\r\n</td>\r\n<td style=\"padding-left: 5.4pt; \">\r\n<p align=\"center\" style=\"text-align: center; \"><span>PREFEITO</span></p>\r\n</td>\r\n<td style=\"padding-left: 5.4pt; \">\r\n<p><strong><span><strong><span>Jovelino da Costa Rabelo <br />Eleito pelo povo.</span></strong></span></strong></p>\r\n</td>\r\n<td rowspan=\"2\" style=\"padding-left: 5.4pt; \">\r\n<p align=\"center\" style=\"text-align: center; \"><span><span>07/12/1947 a 31/01/1951</span></span></p>\r\n</td>\r\n</tr>\r\n<tr>\r\n<td style=\"padding-left: 5.4pt; \">\r\n<p align=\"center\" style=\"text-align: center; \"><span>VICE-PREFEITO</span></p>\r\n</td>\r\n<td style=\"padding-left: 5.4pt; \">\r\n<p><span><span>Raimundo Ferreira da Silva</span></span></p>\r\n</td>\r\n</tr>\r\n<tr>\r\n<td rowspan=\"2\" style=\"padding-left: 5.4pt; \">\r\n<p align=\"center\" style=\"text-align: center; \"><span>18</span></p>\r\n</td>\r\n<td style=\"padding-left: 5.4pt; \">\r\n<p align=\"center\" style=\"text-align: center; \"><span>PREFEITO</span></p>\r\n</td>\r\n<td style=\"padding-left: 5.4pt; \">\r\n<p><strong><span>Lauro Epif\u00e2nio Pereira</span></strong></p>\r\n</td>\r\n<td rowspan=\"2\" style=\"padding-left: 5.4pt; \">\r\n<p align=\"center\" style=\"text-align: center; \"><span><span>12/10/1947 a 06/12/1947</span></span></p>\r\n</td>\r\n</tr>\r\n<tr>\r\n<td style=\"padding-left: 5.4pt; \">\r\n<p align=\"center\" style=\"text-align: center; \"><span><span>Obs:</span></span></p>\r\n</td>\r\n<td style=\"padding-left: 5.4pt; \">\r\n<p><span><span>Nomeado, sem vice.</span></span></p>\r\n</td>\r\n</tr>\r\n<tr>\r\n<td rowspan=\"2\" style=\"padding-left: 5.4pt; \">\r\n<p align=\"center\" style=\"text-align: center; \"><span>17</span></p>\r\n</td>\r\n<td style=\"padding-left: 5.4pt; \">\r\n<p align=\"center\" style=\"text-align: center; \"><span>PREFEITO</span></p>\r\n</td>\r\n<td style=\"padding-left: 5.4pt; \">\r\n<p><strong><span><strong><span>Alvimar Mour\u00e3o</span></strong></span></strong></p>\r\n</td>\r\n<td rowspan=\"2\" style=\"padding-left: 5.4pt; \">\r\n<p align=\"center\" style=\"text-align: center; \"><span><span>27/03/1947 a 11/10/1947</span></span></p>\r\n</td>\r\n</tr>\r\n<tr>\r\n<td style=\"padding-left: 5.4pt; \">\r\n<p align=\"center\" style=\"text-align: center; \"><span><span>Obs:</span></span></p>\r\n</td>\r\n<td style=\"padding-left: 5.4pt; \">\r\n<p><span><span>Nomeado, sem vice.</span></span></p>\r\n</td>\r\n</tr>\r\n<tr>\r\n<td rowspan=\"2\" style=\"padding-left: 5.4pt; \">\r\n<p align=\"center\" style=\"text-align: center; \"><span>16</span></p>\r\n</td>\r\n<td style=\"padding-left: 5.4pt; \">\r\n<p align=\"center\" style=\"text-align: center; \"><span>PREFEITO</span></p>\r\n</td>\r\n<td style=\"padding-left: 5.4pt; \">\r\n<p><strong><span><strong><span>Itagiba de Souza</span></strong></span></strong></p>\r\n</td>\r\n<td rowspan=\"2\" style=\"padding-left: 5.4pt; \">\r\n<p align=\"center\" style=\"text-align: center; \"><span><span>01/01/1947 a 26/03/1947</span></span></p>\r\n</td>\r\n</tr>\r\n<tr>\r\n<td style=\"padding-left: 5.4pt; \">\r\n<p align=\"center\" style=\"text-align: center; \"><span><span>Obs:</span></span></p>\r\n</td>\r\n<td style=\"padding-left: 5.4pt; \">\r\n<p><span><span><span>Nomeado, sem vice.</span></span></span></p>\r\n</td>\r\n</tr>\r\n<tr>\r\n<td rowspan=\"2\" style=\"padding-left: 5.4pt; \">\r\n<p align=\"center\" style=\"text-align: center; \"><span>15</span></p>\r\n</td>\r\n<td style=\"padding-left: 5.4pt; \">\r\n<p align=\"center\" style=\"text-align: center; \"><span>PREFEITO</span></p>\r\n</td>\r\n<td style=\"padding-left: 5.4pt; \">\r\n<p><strong><span><strong><span>Ant\u00f4nio Gon\u00e7alves de Matos</span></strong></span></strong></p>\r\n</td>\r\n<td rowspan=\"2\" style=\"padding-left: 5.4pt; \">\r\n<p align=\"center\" style=\"text-align: center; \"><span><span>20/02/1946 a 31/12/1946</span></span></p>\r\n</td>\r\n</tr>\r\n<tr>\r\n<td style=\"padding-left: 5.4pt; \">\r\n<p align=\"center\" style=\"text-align: center; \"><span>Obs:</span></p>\r\n</td>\r\n<td style=\"padding-left: 5.4pt; \">\r\n<p><span><span>Nomeado, sem vice.</span></span></p>\r\n</td>\r\n</tr>\r\n<tr>\r\n<td rowspan=\"2\" style=\"padding-left: 5.4pt; \">\r\n<p align=\"center\" style=\"text-align: center; \"><span>14</span></p>\r\n</td>\r\n<td style=\"padding-left: 5.4pt; \">\r\n<p align=\"center\" style=\"text-align: center; \"><span>PREFEITO</span></p>\r\n</td>\r\n<td style=\"padding-left: 5.4pt; \">\r\n<p><strong><span><strong><span>Am\u00e9rico Magalh\u00e3es</span></strong></span></strong></p>\r\n</td>\r\n<td rowspan=\"2\" style=\"padding-left: 5.4pt; \">\r\n<p align=\"center\" style=\"text-align: center; \"><span><span>16/11/1945 a 19/02/1946</span></span></p>\r\n</td>\r\n</tr>\r\n<tr>\r\n<td style=\"padding-left: 5.4pt; \">\r\n<p align=\"center\" style=\"text-align: center; \"><span>Obs:</span></p>\r\n</td>\r\n<td style=\"padding-left: 5.4pt; \">\r\n<p><span><span>Nomeado, sem vice.</span></span></p>\r\n</td>\r\n</tr>\r\n<tr>\r\n<td rowspan=\"2\" style=\"padding-left: 5.4pt; \">\r\n<p align=\"center\" style=\"text-align: center; \"><span>13</span></p>\r\n</td>\r\n<td style=\"padding-left: 5.4pt; \">\r\n<p align=\"center\" style=\"text-align: center; \"><span>PREFEITO</span></p>\r\n</td>\r\n<td style=\"padding-left: 5.4pt; \">\r\n<p><strong><span><strong><span>Ant\u00f4nio Gon\u00e7alves de Matos</span></strong></span></strong></p>\r\n</td>\r\n<td rowspan=\"2\" style=\"padding-left: 5.4pt; \">\r\n<p align=\"center\" style=\"text-align: center; \"><span><span>11/11/1937 a 15/11/1945</span></span></p>\r\n</td>\r\n</tr>\r\n<tr>\r\n<td style=\"padding-left: 5.4pt; \">\r\n<p align=\"center\" style=\"text-align: center; \"><span><span>Obs:</span></span></p>\r\n</td>\r\n<td style=\"padding-left: 5.4pt; \">\r\n<p><span><span>Nomeado ap\u00f3s golpe de estado.</span></span></p>\r\n</td>\r\n</tr>\r\n<tr>\r\n<td rowspan=\"2\" style=\"padding-left: 5.4pt; \">\r\n<p align=\"center\" style=\"text-align: center; \"><span>12</span></p>\r\n</td>\r\n<td style=\"padding-left: 5.4pt; \">\r\n<p align=\"center\" style=\"text-align: center; \"><span>PREFEITO</span></p>\r\n</td>\r\n<td style=\"padding-left: 5.4pt; \">\r\n<p><strong><span><strong><span>Ant\u00f4nio Gon\u00e7alves de Matos</span></strong></span></strong></p>\r\n</td>\r\n<td rowspan=\"2\" style=\"padding-left: 5.4pt; \">\r\n<p align=\"center\" style=\"text-align: center; \"><span><span>09/06/1936 a 10/11/1937</span></span></p>\r\n</td>\r\n</tr>\r\n<tr>\r\n<td style=\"padding-left: 5.4pt; \">\r\n<p align=\"center\" style=\"text-align: center; \"><span><span><span>Obs:</span></span></span></p>\r\n</td>\r\n<td style=\"padding-left: 5.4pt; \">\r\n<p><span><span>Eleito pelo povo, sem vice.</span></span></p>\r\n</td>\r\n</tr>\r\n<tr>\r\n<td rowspan=\"2\" style=\"padding-left: 5.4pt; \">\r\n<p align=\"center\" style=\"text-align: center; \"><span>11</span></p>\r\n</td>\r\n<td style=\"padding-left: 5.4pt; \">\r\n<p align=\"center\" style=\"text-align: center; \"><span>PREFEITO</span></p>\r\n</td>\r\n<td style=\"padding-left: 5.4pt; \">\r\n<p><strong><span><strong><span>Ant\u00f4nio Gon\u00e7alves de Matos</span></strong></span></strong></p>\r\n</td>\r\n<td rowspan=\"2\" style=\"padding-left: 5.4pt; \">\r\n<p align=\"center\" style=\"text-align: center; \"><span><span>19/03/1936 a 08/06/1936</span></span></p>\r\n</td>\r\n</tr>\r\n<tr>\r\n<td style=\"padding-left: 5.4pt; \">\r\n<p align=\"center\" style=\"text-align: center; \"><span><span><span><span>Obs:</span></span></span></span></p>\r\n</td>\r\n<td style=\"padding-left: 5.4pt; \">\r\n<p><span><span>Nomeado por Benedito Valadadres, sem vice.</span></span></p>\r\n</td>\r\n</tr>\r\n<tr>\r\n<td rowspan=\"2\" style=\"padding-left: 5.4pt; \">\r\n<p align=\"center\" style=\"text-align: center; \"><span>10</span></p>\r\n</td>\r\n<td style=\"padding-left: 5.4pt; \">\r\n<p align=\"center\" style=\"text-align: center; \"><span>PREFEITO</span></p>\r\n</td>\r\n<td style=\"padding-left: 5.4pt; \">\r\n<p><strong><span><strong><span>Jos\u00e9 Ant\u00f4nio Saraiva</span></strong></span></strong></p>\r\n</td>\r\n<td rowspan=\"2\" style=\"padding-left: 5.4pt; \">\r\n<p align=\"center\" style=\"text-align: center; \"><span><span>12/03/1936 a 19/03/1936</span></span></p>\r\n</td>\r\n</tr>\r\n<tr>\r\n<td style=\"padding-left: 5.4pt; \">\r\n<p align=\"center\" style=\"text-align: center; \"><span>Obs:</span></p>\r\n</td>\r\n<td style=\"padding-left: 5.4pt; \">\r\n<p><span><span>Nomeado por Benedito Valadares, sem vice.</span></span></p>\r\n</td>\r\n</tr>\r\n<tr>\r\n<td rowspan=\"2\" style=\"padding-left: 5.4pt; \">\r\n<p align=\"center\" style=\"text-align: center; \"><span>9</span></p>\r\n</td>\r\n<td style=\"padding-left: 5.4pt; \">\r\n<p align=\"center\" style=\"text-align: center; \"><span>PREFEITO</span></p>\r\n</td>\r\n<td style=\"padding-left: 5.4pt; \">\r\n<p><strong><span><strong><span>Pedro Xavier Gontijo</span></strong></span></strong></p>\r\n</td>\r\n<td rowspan=\"2\" style=\"padding-left: 5.4pt; \">\r\n<p align=\"center\" style=\"text-align: center; \"><span><span>11/12/1930 a 11/03/1936</span></span></p>\r\n</td>\r\n</tr>\r\n<tr>\r\n<td style=\"padding-left: 5.4pt; \">\r\n<p align=\"center\" style=\"text-align: center; \"><span><span>Obs:</span></span></p>\r\n</td>\r\n<td style=\"padding-left: 5.4pt; \">\r\n<p><span><span>Nomeado pelo Governador Oleg\u00e1rio Maciel que aboliu a C\u00e2mara e n\u00e3o nomeava vice.</span></span></p>\r\n</td>\r\n</tr>\r\n<tr>\r\n<td rowspan=\"2\" style=\"padding-left: 5.4pt; \">\r\n<p align=\"center\" style=\"text-align: center; \"><span>8</span></p>\r\n</td>\r\n<td style=\"padding-left: 5.4pt; \">\r\n<p align=\"center\" style=\"text-align: center; \"><span>PREFEITO</span></p>\r\n</td>\r\n<td style=\"padding-left: 5.4pt; \">\r\n<p><strong><span><strong><span>Jos\u00e9 Maria Botelho</span></strong></span></strong></p>\r\n</td>\r\n<td rowspan=\"2\" style=\"padding-left: 5.4pt; \">\r\n<p align=\"center\" style=\"text-align: center; \"><span><span>18/05/1927 a 03/12/1930</span></span></p>\r\n</td>\r\n</tr>\r\n<tr>\r\n<td style=\"padding-left: 5.4pt; \">\r\n<p align=\"center\" style=\"text-align: center; \"><span>VICE-PREFEITO</span></p>\r\n</td>\r\n<td style=\"padding-left: 5.4pt; \">\r\n<p><span><span>Jovelino da Costa Rabelo</span></span></p>\r\n</td>\r\n</tr>\r\n<tr>\r\n<td rowspan=\"2\" style=\"padding-left: 5.4pt; \">\r\n<p align=\"center\" style=\"text-align: center; \"><span>7</span></p>\r\n</td>\r\n<td style=\"padding-left: 5.4pt; \">\r\n<p align=\"center\" style=\"text-align: center; \"><span>PREFEITO</span></p>\r\n</td>\r\n<td style=\"padding-left: 5.4pt; \">\r\n<p><strong><span><strong><span>Ol\u00edmpio Moreira de Vasconcelos</span></strong></span></strong></p>\r\n</td>\r\n<td rowspan=\"2\" style=\"padding-left: 5.4pt; \">\r\n<p align=\"center\" style=\"text-align: center; \"><span><span>1925 a </span></span></p>\r\n<p align=\"center\" style=\"text-align: center; \"><span><span>17/05/1927</span></span></p>\r\n</td>\r\n</tr>\r\n<tr>\r\n<td style=\"padding-left: 5.4pt; \">\r\n<p align=\"center\" style=\"text-align: center; \"><span><span><span>Obs:</span></span></span></p>\r\n</td>\r\n<td style=\"padding-left: 5.4pt; \">\r\n<p><span><span>Ol\u00edmpio se tornou prefeito, porque era vice de Jo\u00e3o, que renunciou.</span></span></p>\r\n</td>\r\n</tr>\r\n<tr>\r\n<td rowspan=\"2\" style=\"padding-left: 5.4pt; \">\r\n<p align=\"center\" style=\"text-align: center; \"><span>6</span></p>\r\n</td>\r\n<td style=\"padding-left: 5.4pt; \">\r\n<p align=\"center\" style=\"text-align: center; \"><span>PREFEITO</span></p>\r\n</td>\r\n<td style=\"padding-left: 5.4pt; \">\r\n<p><strong><span><strong><span>Jo\u00e3o Notini</span></strong></span></strong></p>\r\n</td>\r\n<td rowspan=\"2\" style=\"padding-left: 5.4pt; \">\r\n<p align=\"center\" style=\"text-align: center; \"><span><span>01/01/1923 a </span></span></p>\r\n<p align=\"center\" style=\"text-align: center; \"><span><span>1925</span></span></p>\r\n</td>\r\n</tr>\r\n<tr>\r\n<td style=\"padding-left: 5.4pt; \">\r\n<p align=\"center\" style=\"text-align: center; \"><span>VICE-PREFEITO</span></p>\r\n</td>\r\n<td style=\"padding-left: 5.4pt; \">\r\n<p><span><span>Ol\u00edmpio Moreira de Vasconcelos</span></span></p>\r\n</td>\r\n</tr>\r\n<tr>\r\n<td rowspan=\"2\" style=\"padding-left: 5.4pt; \">\r\n<p align=\"center\" style=\"text-align: center; \"><span>5</span></p>\r\n</td>\r\n<td style=\"padding-left: 5.4pt; \">\r\n<p align=\"center\" style=\"text-align: center; \"><span>PREFEITO</span></p>\r\n</td>\r\n<td style=\"padding-left: 5.4pt; \">\r\n<p><strong><span><strong><span>Jo\u00e3o Notini</span></strong></span></strong></p>\r\n</td>\r\n<td rowspan=\"2\" style=\"padding-left: 5.4pt; \">\r\n<p align=\"center\" style=\"text-align: center; \"><span><span>08/06/1922 a 31/12/1922</span></span></p>\r\n</td>\r\n</tr>\r\n<tr>\r\n<td style=\"padding-left: 5.4pt; \">\r\n<p align=\"center\" style=\"text-align: center; \"><span>Obs:</span></p>\r\n</td>\r\n<td style=\"padding-left: 5.4pt; \">\r\n<p><span><span>Jo\u00e3o Notini era vice de Isauro Ferreira, com o falecimento de Isauro em 07/06/1922, assumiu o cargo de Prefeito em 08/06/1922, ficando sem vice <br />at\u00e9 o t\u00e9rmino do mandato.</span></span></p>\r\n</td>\r\n</tr>\r\n<tr>\r\n<td rowspan=\"2\" style=\"padding-left: 5.4pt; \">\r\n<p align=\"center\" style=\"text-align: center; \"><span>4</span></p>\r\n</td>\r\n<td style=\"padding-left: 5.4pt; \">\r\n<p align=\"center\" style=\"text-align: center; \"><span>PREFEITO</span></p>\r\n</td>\r\n<td style=\"padding-left: 5.4pt; \">\r\n<p><strong><span><strong><span>Isauro Ferreira da Silva</span></strong></span></strong></p>\r\n</td>\r\n<td rowspan=\"2\" style=\"padding-left: 5.4pt; \">\r\n<p align=\"center\" style=\"text-align: center; \"><span><span>01/01/1919 a 07/06/1922</span></span></p>\r\n</td>\r\n</tr>\r\n<tr>\r\n<td style=\"padding-left: 5.4pt; \">\r\n<p align=\"center\" style=\"text-align: center; \"><span>VICE-PREFEITO</span></p>\r\n</td>\r\n<td style=\"padding-left: 5.4pt; \">\r\n<p><span><span>Jo\u00e3o Notini</span></span></p>\r\n</td>\r\n</tr>\r\n<tr>\r\n<td rowspan=\"2\" style=\"padding-left: 5.4pt; \">\r\n<p align=\"center\" style=\"text-align: center; \"><span>3</span></p>\r\n</td>\r\n<td style=\"padding-left: 5.4pt; \">\r\n<p align=\"center\" style=\"text-align: center; \"><span>PREFEITO</span></p>\r\n</td>\r\n<td style=\"padding-left: 5.4pt; \">\r\n<p><strong><span><strong><span>Francisco Coelho da Fonseca</span></strong></span></strong></p>\r\n</td>\r\n<td rowspan=\"2\" style=\"padding-left: 5.4pt; \">\r\n<p align=\"center\" style=\"text-align: center; \"><span><span>01/09/1918 a 31/12/1918</span></span></p>\r\n</td>\r\n</tr>\r\n<tr>\r\n<td style=\"padding-left: 5.4pt; \">\r\n<p align=\"center\" style=\"text-align: center; \">Obs:</p>\r\n</td>\r\n<td style=\"padding-left: 5.4pt; \">\r\n<p><span><span>Assumiu o Executivo, substituindo Ant\u00f4nio Ol\u00edmpio, que renunciou.</span></span></p>\r\n</td>\r\n</tr>\r\n<tr>\r\n<td rowspan=\"2\" style=\"padding-left: 5.4pt; \">\r\n<p align=\"center\" style=\"text-align: center; \"><span>2</span></p>\r\n</td>\r\n<td style=\"padding-left: 5.4pt; \">\r\n<p align=\"center\" style=\"text-align: center; \"><span>PREFEITO</span></p>\r\n</td>\r\n<td style=\"padding-left: 5.4pt; \">\r\n<p><strong><span><strong><span>Ant\u00f4nio Ol\u00edmpio de Morais</span></strong></span></strong></p>\r\n</td>\r\n<td rowspan=\"2\" style=\"padding-left: 5.4pt; \">\r\n<p align=\"center\" style=\"text-align: center; \"><span>01/01/1916 a 31/08/1918</span></p>\r\n</td>\r\n</tr>\r\n<tr>\r\n<td style=\"padding-left: 5.4pt; \">\r\n<p align=\"center\" style=\"text-align: center; \"><span>VICE-PREFEITO</span></p>\r\n</td>\r\n<td style=\"padding-left: 5.4pt; \">\r\n<p><span><span>Francisco Coelho da Fonseca</span></span></p>\r\n</td>\r\n</tr>\r\n<tr>\r\n<td rowspan=\"2\" style=\"padding-left: 5.4pt; \">\r\n<p align=\"center\" style=\"text-align: center; \"><span>1</span></p>\r\n<p align=\"center\" style=\"text-align: center; \"><span><br /></span></p>\r\n<p align=\"center\" style=\"text-align: center; \"><span><br /></span></p>\r\n<p align=\"center\" style=\"text-align: center; \"><span><br /></span></p>\r\n</td>\r\n<td style=\"padding-left: 5.4pt; \">\r\n<p align=\"center\" style=\"text-align: center; \"><span>PREFEITO</span></p>\r\n</td>\r\n<td style=\"padding-left: 5.4pt; \">\r\n<p><strong><span><strong><span><strong><span>Ant\u00f4nio Ol\u00edmpio de Morais</span></strong></span></strong></span></strong></p>\r\n</td>\r\n<td rowspan=\"2\" style=\"padding-left: 5.4pt; \">\r\n<p align=\"center\" style=\"text-align: center; \"><span><span>01/06/1912 a 31/12/1915</span></span></p>\r\n<p align=\"center\" style=\"text-align: center; \"><span><br /></span></p>\r\n<p align=\"center\" style=\"text-align: center; \"><span><br /></span></p>\r\n</td>\r\n</tr>\r\n<tr>\r\n<td style=\"padding-left: 5.4pt; \">\r\n<p align=\"center\" style=\"text-align: center; \"><span><span>VICE-PREFEITO</span></span></p>\r\n</td>\r\n<td style=\"padding-left: 5.4pt; \">\r\n<p><span>Adolfo Machado</span></p>\r\n</td>\r\n</tr>\r\n</tbody>\r\n</table>\r\n<p>\u00a0</p>\r\n<table class=\"listing\">\r\n<tbody>\r\n<tr>\r\n<td colspan=\"2\">\r\n<p align=\"center\" class=\"Contedodetabela\" style=\"text-align: center; \"><strong><span>AGENTE EXECUTIVO DISTRITAL / PRESIDENTE DA C\u00c2MARA</span></strong></p>\r\n<p align=\"center\" class=\"Contedodetabela\" style=\"text-align: center; \"><strong></strong><strong><span>Per\u00edodo de 1888 a 1912</span></strong><strong></strong></p>\r\n</td>\r\n</tr>\r\n<tr>\r\n<td>\r\n<p class=\"Contedodetabela\"><span><span>6 - Bernadino Alves Machado</span></span></p>\r\n</td>\r\n<td style=\"text-align: center; \">\r\n<p align=\"center\" class=\"Contedodetabela\" style=\"text-align: center; \"><span>1905 - 1912<br /></span></p>\r\n</td>\r\n</tr>\r\n<tr>\r\n<td>\r\n<p class=\"Contedodetabela\"><span><span>5 - Francisco Machado Gontijo</span></span></p>\r\n</td>\r\n<td>\r\n<p align=\"center\" class=\"Contedodetabela\" style=\"text-align: center; \"><span>1901 - 1904<br /></span></p>\r\n</td>\r\n</tr>\r\n<tr>\r\n<td>\r\n<p class=\"Contedodetabela\"><span>4 - Ol\u00edmpio Alves de Oliveira<br /></span></p>\r\n</td>\r\n<td>\r\n<p align=\"center\" class=\"Contedodetabela\" style=\"text-align: center; \"><span>1898 - 1900<br /></span></p>\r\n</td>\r\n</tr>\r\n<tr>\r\n<td>\r\n<p class=\"Contedodetabela\"><span>3 - Aud\u00eancio Ben\u00edcio Terra<br /></span></p>\r\n</td>\r\n<td>\r\n<p align=\"center\" class=\"Contedodetabela\" style=\"text-align: center; \"><span>1894 - 1897<br /></span></p>\r\n</td>\r\n</tr>\r\n<tr>\r\n<td>\r\n<p class=\"Contedodetabela\"><span>2 - Francisco Machado Gontijo<br /></span></p>\r\n</td>\r\n<td>\r\n<p align=\"center\" class=\"Contedodetabela\" style=\"text-align: center; \"><span>1891 - 1893<br /></span></p>\r\n</td>\r\n</tr>\r\n<tr>\r\n<td>\r\n<p class=\"Contedodetabela\"><span>1 - Jos\u00e9 Alceb\u00edades Moreira<br /></span></p>\r\n</td>\r\n<td>\r\n<p align=\"center\" class=\"Contedodetabela\" style=\"text-align: center; \"><span>1888 - 1890<br /></span></p>\r\n</td>\r\n</tr>\r\n</tbody>\r\n</table>", "author_name": "", "version": "1.0", "author_url": "https://www.divinopolis.mg.leg.br/author/antonio.sergio", "provider_name": "C\u00e2mara Municipal", "type": "rich"}